{"id":4315,"date":"2025-09-29T15:58:29","date_gmt":"2025-09-29T13:58:29","guid":{"rendered":"https:\/\/www.carimatech.com\/2025\/09\/29\/lhistoire-de-betty-de-lapprehension-du-lever-a-un-transfert-en-toute-securite\/"},"modified":"2025-09-29T15:58:29","modified_gmt":"2025-09-29T13:58:29","slug":"lhistoire-de-betty-de-lapprehension-du-lever-a-un-transfert-en-toute-securite","status":"publish","type":"post","link":"https:\/\/www.carimatech.com\/fr\/2025\/09\/29\/lhistoire-de-betty-de-lapprehension-du-lever-a-un-transfert-en-toute-securite\/","title":{"rendered":"L\u2019histoire de Betty : de l\u2019appr\u00e9hension du lever \u00e0 un transfert en toute s\u00e9curit\u00e9"},"content":{"rendered":"<p><span style=\"font-weight: 400;\">Betty, 80 ans, vit avec une ost\u00e9oporose s\u00e9v\u00e8re, une arthrose de la hanche et une sonde urinaire. Chaque mobilisation, pour la toilette, pour passer du lit au fauteuil ou simplement pour s\u2019asseoir d\u00e9clenchait une douleur vive. Avec le temps, elle redoutait tellement qu\u2019on lui dise \u00ab on va te lever \u00bb que son corps se crispait aussit\u00f4t. Peu \u00e0 peu, elle a fini par passer presque toute la journ\u00e9e au lit, non par choix, mais parce que se d\u00e9placer lui semblait devenu impossible..    <\/span><\/p>\n<p><span style=\"font-weight: 400;\">Chez les personnes souffrant d\u2019ost\u00e9oporose, d\u2019arthrose ou de raideurs importantes, le probl\u00e8me ne vient pas toujours du transfert lui-m\u00eame, mais de la mani\u00e8re dont il est r\u00e9alis\u00e9 : gestes brusques, rotations inutiles, harnais mal adapt\u00e9s\u2026<br \/>Ces manipulations peuvent g\u00e9n\u00e9rer anxi\u00e9t\u00e9, appr\u00e9hension et perte de confiance.    <\/span><\/p>\n<p><span style=\"font-weight: 400;\">Le l\u00e8ve-personne sur <strong><a href=\"https:\/\/www.carimatech.com\/products_category\/gruas-de-techo\/\" target=\"_blank\" rel=\"noopener\">rail apporte<\/a><\/strong> une solution s\u00e9curis\u00e9e. Il permet des d\u00e9placements continus du lit au fauteuil, aux toilettes ou \u00e0 la douche sans effort pour la personne ni pour l\u2019aidant.<br \/>Mais dans le cas de Betty, la peur de la douleur restait tr\u00e8s forte. C\u2019est l\u00e0 que le choix du harnais devient essentiel.   <\/span><\/p>\n<h3><b>Trouver le harnais adapt\u00e9<\/b><\/h3>\n<p><span style=\"font-weight: 400;\">Avec son aidante et une \u00e9quipe soignante, nous avons analys\u00e9 les besoins de Betty : douleur constante, hypersensibilit\u00e9 au mouvement, faible tol\u00e9rance aux manipulations. <\/span><\/p>\n<p><span style=\"font-weight: 400;\">Le <a href=\"https:\/\/www.carimatech.com\/fr\/products\/harnais-alba\/\" target=\"_blank\" rel=\"noopener\">harnais Alba<\/a>, s\u2019est r\u00e9v\u00e9l\u00e9 le plus appropri\u00e9. Il offre un maintien complet, n\u00e9cessite peu de manipulations et peut rester en place lorsqu\u2019elle est assise sans provoquer d\u2019inconfort.<br \/> Son tissu respirant limite la chaleur et l\u2019humidit\u00e9 \u2014 essentiel pour les personnes passant de longues heures en fauteuil.<br \/>  <\/span><\/p>\n<p><span style=\"font-weight: 400;\">Gr\u00e2ce \u00e0 cela, Betty peut rester hors du lit plus longtemps, sans g\u00eane. Et son aidante n\u2019a plus \u00e0 repositionner sans cesse le harnais, r\u00e9duisant les manipulations douloureuses.<br \/>Un changement qui a eu un impact direct sur sa mobilit\u00e9, son confort et son bien-\u00eatre.  <\/span><\/p>\n<h3><b>Pourquoi les l\u00e8ve-personnes sur rail sont pr\u00e9cieux en cas d\u2019ost\u00e9oporose<\/b><\/h3>\n<p><span style=\"font-weight: 400;\">Dans les cas d&rsquo;ost\u00e9oporose s\u00e9v\u00e8re, comme celle de Betty, le quotidien devient plus difficile et exige des pr\u00e9cautions suppl\u00e9mentaires. Les os perdent en densit\u00e9 et en solidit\u00e9, augmentant le risque de fractures, m\u00eame suite \u00e0 de petits mouvements ou \u00e0 des chutes mineures. La douleur est constante et provoque une raideur : le corps se contracte, se prot\u00e8ge et finit par \u00e9viter tout mouvement. \u00c0 terme, cela entra\u00eene une faiblesse musculaire accrue et une peur grandissante de se d\u00e9placer.   <\/span><\/p>\n<p><span style=\"font-weight: 400;\">Quand les os sont fragiles, chaque geste doit \u00eatre ma\u00eetris\u00e9.<\/span><\/p>\n<p><span style=\"font-weight: 400;\">Les l\u00e8ve-personnes sur rail, associ\u00e9s au bon harnais, permettent :<\/span><\/p>\n<ul>\n<li style=\"font-weight: 400;\" aria-level=\"1\"><span style=\"font-weight: 400;\">des transferts doux, sans geste brusque,<\/span><\/li>\n<li style=\"font-weight: 400;\" aria-level=\"1\"><span style=\"font-weight: 400;\">moins de douleur et moins de risques de fracture,<\/span><\/li>\n<li style=\"font-weight: 400;\" aria-level=\"1\"><span style=\"font-weight: 400;\">davantage de confiance pour la personne,<\/span><\/li>\n<li style=\"font-weight: 400;\" aria-level=\"1\"><span style=\"font-weight: 400;\">un travail plus s\u00fbr et plus simple pour l\u2019aidant,<\/span><\/li>\n<li style=\"font-weight: 400;\" aria-level=\"1\"><span style=\"font-weight: 400;\">un moment auparavant anxiog\u00e8ne transform\u00e9 en geste paisible et respectueux.<\/span><\/li>\n<\/ul>\n<h3><b>Le r\u00f4le central du harnais<\/b><\/h3>\n<p>Le harnais n\u2019est pas un <span style=\"font-weight: 400;\"><a href=\"https:\/\/www.carimatech.com\/products_category\/gruas-de-techo\/arneses\/\" target=\"_blank\" rel=\"noopener\">simple accessoire<\/a><\/span> : c\u2019est le point de contact avec le corps.<br \/>Bien choisi, il rend le transfert plus s\u00fbr, plus confortable et plus digne.<\/p>\n<p><span style=\"font-weight: 400;\">Chez Carima, nous cherchons \u00e0 proposer des solutions r\u00e9ellement adapt\u00e9es au rythme et aux besoins de chacun.<\/span><\/p>\n<p><span style=\"font-weight: 400;\">L\u2019histoire de Betty nous a \u00e9t\u00e9 transmise par Care Independence, fabricant des harnais distribu\u00e9s par Carima. <\/span><\/p>\n<p>Pour toute question sur les harnais ou les syst\u00e8mes sur rail, contactez-nous : contact@carimatech.fr<\/p>\n<p>\ud83d\udc9a<\/p>\n","protected":false},"excerpt":{"rendered":"<p>Betty, 80 ans, vit avec une ost\u00e9oporose s\u00e9v\u00e8re, une arthrose de la hanche et une sonde urinaire. Chaque mobilisation, pour la toilette, pour passer du lit au fauteuil ou simplement&#8230;<\/p>\n","protected":false},"author":2,"featured_media":4314,"comment_status":"closed","ping_status":"closed","sticky":false,"template":"","format":"standard","meta":{"_acf_changed":false,"footnotes":""},"categories":[30,29],"tags":[32,31,33,35,34],"class_list":["post-4315","post","type-post","status-publish","format-standard","has-post-thumbnail","hentry","category-leve-personnes-plafonniers","category-nouvelles-fonctionnalites","tag-gruadetecho","tag-harnais","tag-soins-en-toute-securite","tag-transfert-digne","tag-traslado"],"acf":[],"yoast_head":"<!-- This site is optimized with the Yoast SEO plugin v27.5 - https:\/\/yoast.com\/product\/yoast-seo-wordpress\/ -->\n<title>L\u2019histoire de Betty : de l\u2019appr\u00e9hension du lever \u00e0 un transfert en toute s\u00e9curit\u00e9 - Carima<\/title>\n<meta name=\"description\" content=\"L\u2019histoire de Betty nous a \u00e9t\u00e9 transmise par Care Independence, fabricant des harnais distribu\u00e9s par Carima.\" \/>\n<meta name=\"robots\" content=\"index, follow, max-snippet:-1, max-image-preview:large, max-video-preview:-1\" \/>\n<link rel=\"canonical\" href=\"https:\/\/www.carimatech.com\/fr\/2025\/09\/29\/lhistoire-de-betty-de-lapprehension-du-lever-a-un-transfert-en-toute-securite\/\" \/>\n<meta property=\"og:locale\" content=\"fr_FR\" \/>\n<meta property=\"og:type\" content=\"article\" \/>\n<meta property=\"og:title\" content=\"L\u2019histoire de Betty : de l\u2019appr\u00e9hension du lever \u00e0 un transfert en toute s\u00e9curit\u00e9 - Carima\" \/>\n<meta property=\"og:description\" content=\"L\u2019histoire de Betty nous a \u00e9t\u00e9 transmise par Care Independence, fabricant des harnais distribu\u00e9s par Carima.\" \/>\n<meta property=\"og:url\" content=\"https:\/\/www.carimatech.com\/fr\/2025\/09\/29\/lhistoire-de-betty-de-lapprehension-du-lever-a-un-transfert-en-toute-securite\/\" \/>\n<meta property=\"og:site_name\" content=\"Carima\" \/>\n<meta property=\"article:published_time\" content=\"2025-09-29T13:58:29+00:00\" \/>\n<meta property=\"og:image\" content=\"https:\/\/www.carimatech.com\/app\/uploads\/2025\/09\/airflow.jpg\" \/>\n\t<meta property=\"og:image:width\" content=\"1000\" \/>\n\t<meta property=\"og:image:height\" content=\"680\" \/>\n\t<meta property=\"og:image:type\" content=\"image\/jpeg\" \/>\n<meta name=\"author\" content=\"Roc\u00edo Chaile\" \/>\n<meta name=\"twitter:card\" content=\"summary_large_image\" \/>\n<meta name=\"twitter:label1\" content=\"\u00c9crit par\" \/>\n\t<meta name=\"twitter:data1\" content=\"Roc\u00edo Chaile\" \/>\n\t<meta name=\"twitter:label2\" content=\"Dur\u00e9e de lecture estim\u00e9e\" \/>\n\t<meta name=\"twitter:data2\" content=\"3 minutes\" \/>\n<script type=\"application\/ld+json\" class=\"yoast-schema-graph\">{\"@context\":\"https:\\\/\\\/schema.org\",\"@graph\":[{\"@type\":\"Article\",\"@id\":\"https:\\\/\\\/www.carimatech.com\\\/fr\\\/2025\\\/09\\\/29\\\/lhistoire-de-betty-de-lapprehension-du-lever-a-un-transfert-en-toute-securite\\\/#article\",\"isPartOf\":{\"@id\":\"https:\\\/\\\/www.carimatech.com\\\/fr\\\/2025\\\/09\\\/29\\\/lhistoire-de-betty-de-lapprehension-du-lever-a-un-transfert-en-toute-securite\\\/\"},\"author\":{\"name\":\"Roc\u00edo Chaile\",\"@id\":\"https:\\\/\\\/www.carimatech.com\\\/fr\\\/#\\\/schema\\\/person\\\/0ac26c898f70d85af31db5aa32785789\"},\"headline\":\"L\u2019histoire de Betty : de l\u2019appr\u00e9hension du lever \u00e0 un transfert en toute s\u00e9curit\u00e9\",\"datePublished\":\"2025-09-29T13:58:29+00:00\",\"mainEntityOfPage\":{\"@id\":\"https:\\\/\\\/www.carimatech.com\\\/fr\\\/2025\\\/09\\\/29\\\/lhistoire-de-betty-de-lapprehension-du-lever-a-un-transfert-en-toute-securite\\\/\"},\"wordCount\":601,\"image\":{\"@id\":\"https:\\\/\\\/www.carimatech.com\\\/fr\\\/2025\\\/09\\\/29\\\/lhistoire-de-betty-de-lapprehension-du-lever-a-un-transfert-en-toute-securite\\\/#primaryimage\"},\"thumbnailUrl\":\"https:\\\/\\\/www.carimatech.com\\\/app\\\/uploads\\\/2025\\\/09\\\/airflow.jpg\",\"keywords\":[\"gruadetecho\",\"harnais\",\"soins en toute s\u00e9curit\u00e9\",\"transfert digne\",\"traslado\"],\"articleSection\":[\"L\u00e8ve-personnes plafonniers\",\"Nouvelles fonctionnalit\u00e9s\"],\"inLanguage\":\"fr-FR\"},{\"@type\":\"WebPage\",\"@id\":\"https:\\\/\\\/www.carimatech.com\\\/fr\\\/2025\\\/09\\\/29\\\/lhistoire-de-betty-de-lapprehension-du-lever-a-un-transfert-en-toute-securite\\\/\",\"url\":\"https:\\\/\\\/www.carimatech.com\\\/fr\\\/2025\\\/09\\\/29\\\/lhistoire-de-betty-de-lapprehension-du-lever-a-un-transfert-en-toute-securite\\\/\",\"name\":\"L\u2019histoire de Betty : de l\u2019appr\u00e9hension du lever \u00e0 un transfert en toute s\u00e9curit\u00e9 - Carima\",\"isPartOf\":{\"@id\":\"https:\\\/\\\/www.carimatech.com\\\/fr\\\/#website\"},\"primaryImageOfPage\":{\"@id\":\"https:\\\/\\\/www.carimatech.com\\\/fr\\\/2025\\\/09\\\/29\\\/lhistoire-de-betty-de-lapprehension-du-lever-a-un-transfert-en-toute-securite\\\/#primaryimage\"},\"image\":{\"@id\":\"https:\\\/\\\/www.carimatech.com\\\/fr\\\/2025\\\/09\\\/29\\\/lhistoire-de-betty-de-lapprehension-du-lever-a-un-transfert-en-toute-securite\\\/#primaryimage\"},\"thumbnailUrl\":\"https:\\\/\\\/www.carimatech.com\\\/app\\\/uploads\\\/2025\\\/09\\\/airflow.jpg\",\"datePublished\":\"2025-09-29T13:58:29+00:00\",\"author\":{\"@id\":\"https:\\\/\\\/www.carimatech.com\\\/fr\\\/#\\\/schema\\\/person\\\/0ac26c898f70d85af31db5aa32785789\"},\"description\":\"L\u2019histoire de Betty nous a \u00e9t\u00e9 transmise par Care Independence, fabricant des harnais distribu\u00e9s par Carima.\",\"breadcrumb\":{\"@id\":\"https:\\\/\\\/www.carimatech.com\\\/fr\\\/2025\\\/09\\\/29\\\/lhistoire-de-betty-de-lapprehension-du-lever-a-un-transfert-en-toute-securite\\\/#breadcrumb\"},\"inLanguage\":\"fr-FR\",\"potentialAction\":[{\"@type\":\"ReadAction\",\"target\":[\"https:\\\/\\\/www.carimatech.com\\\/fr\\\/2025\\\/09\\\/29\\\/lhistoire-de-betty-de-lapprehension-du-lever-a-un-transfert-en-toute-securite\\\/\"]}]},{\"@type\":\"ImageObject\",\"inLanguage\":\"fr-FR\",\"@id\":\"https:\\\/\\\/www.carimatech.com\\\/fr\\\/2025\\\/09\\\/29\\\/lhistoire-de-betty-de-lapprehension-du-lever-a-un-transfert-en-toute-securite\\\/#primaryimage\",\"url\":\"https:\\\/\\\/www.carimatech.com\\\/app\\\/uploads\\\/2025\\\/09\\\/airflow.jpg\",\"contentUrl\":\"https:\\\/\\\/www.carimatech.com\\\/app\\\/uploads\\\/2025\\\/09\\\/airflow.jpg\",\"width\":1000,\"height\":680},{\"@type\":\"BreadcrumbList\",\"@id\":\"https:\\\/\\\/www.carimatech.com\\\/fr\\\/2025\\\/09\\\/29\\\/lhistoire-de-betty-de-lapprehension-du-lever-a-un-transfert-en-toute-securite\\\/#breadcrumb\",\"itemListElement\":[{\"@type\":\"ListItem\",\"position\":1,\"name\":\"Portada\",\"item\":\"https:\\\/\\\/www.carimatech.com\\\/fr\\\/home\\\/\"},{\"@type\":\"ListItem\",\"position\":2,\"name\":\"L\u2019histoire de Betty : de l\u2019appr\u00e9hension du lever \u00e0 un transfert en toute s\u00e9curit\u00e9\"}]},{\"@type\":\"WebSite\",\"@id\":\"https:\\\/\\\/www.carimatech.com\\\/fr\\\/#website\",\"url\":\"https:\\\/\\\/www.carimatech.com\\\/fr\\\/\",\"name\":\"Carima\",\"description\":\"\",\"potentialAction\":[{\"@type\":\"SearchAction\",\"target\":{\"@type\":\"EntryPoint\",\"urlTemplate\":\"https:\\\/\\\/www.carimatech.com\\\/fr\\\/?s={search_term_string}\"},\"query-input\":{\"@type\":\"PropertyValueSpecification\",\"valueRequired\":true,\"valueName\":\"search_term_string\"}}],\"inLanguage\":\"fr-FR\"},{\"@type\":\"Person\",\"@id\":\"https:\\\/\\\/www.carimatech.com\\\/fr\\\/#\\\/schema\\\/person\\\/0ac26c898f70d85af31db5aa32785789\",\"name\":\"Roc\u00edo Chaile\",\"image\":{\"@type\":\"ImageObject\",\"inLanguage\":\"fr-FR\",\"@id\":\"https:\\\/\\\/secure.gravatar.com\\\/avatar\\\/c6dc66c7d9e970cbbd0e40bf2f9fc6bb22cfc6759d833cc94b8ca62437e5085c?s=96&d=mm&r=g\",\"url\":\"https:\\\/\\\/secure.gravatar.com\\\/avatar\\\/c6dc66c7d9e970cbbd0e40bf2f9fc6bb22cfc6759d833cc94b8ca62437e5085c?s=96&d=mm&r=g\",\"contentUrl\":\"https:\\\/\\\/secure.gravatar.com\\\/avatar\\\/c6dc66c7d9e970cbbd0e40bf2f9fc6bb22cfc6759d833cc94b8ca62437e5085c?s=96&d=mm&r=g\",\"caption\":\"Roc\u00edo Chaile\"},\"url\":\"https:\\\/\\\/www.carimatech.com\\\/fr\\\/author\\\/rocio\\\/\"}]}<\/script>\n<!-- \/ Yoast SEO plugin. -->","yoast_head_json":{"title":"L\u2019histoire de Betty : de l\u2019appr\u00e9hension du lever \u00e0 un transfert en toute s\u00e9curit\u00e9 - Carima","description":"L\u2019histoire de Betty nous a \u00e9t\u00e9 transmise par Care Independence, fabricant des harnais distribu\u00e9s par Carima.","robots":{"index":"index","follow":"follow","max-snippet":"max-snippet:-1","max-image-preview":"max-image-preview:large","max-video-preview":"max-video-preview:-1"},"canonical":"https:\/\/www.carimatech.com\/fr\/2025\/09\/29\/lhistoire-de-betty-de-lapprehension-du-lever-a-un-transfert-en-toute-securite\/","og_locale":"fr_FR","og_type":"article","og_title":"L\u2019histoire de Betty : de l\u2019appr\u00e9hension du lever \u00e0 un transfert en toute s\u00e9curit\u00e9 - Carima","og_description":"L\u2019histoire de Betty nous a \u00e9t\u00e9 transmise par Care Independence, fabricant des harnais distribu\u00e9s par Carima.","og_url":"https:\/\/www.carimatech.com\/fr\/2025\/09\/29\/lhistoire-de-betty-de-lapprehension-du-lever-a-un-transfert-en-toute-securite\/","og_site_name":"Carima","article_published_time":"2025-09-29T13:58:29+00:00","og_image":[{"width":1000,"height":680,"url":"https:\/\/www.carimatech.com\/app\/uploads\/2025\/09\/airflow.jpg","type":"image\/jpeg"}],"author":"Roc\u00edo Chaile","twitter_card":"summary_large_image","twitter_misc":{"\u00c9crit par":"Roc\u00edo Chaile","Dur\u00e9e de lecture estim\u00e9e":"3 minutes"},"schema":{"@context":"https:\/\/schema.org","@graph":[{"@type":"Article","@id":"https:\/\/www.carimatech.com\/fr\/2025\/09\/29\/lhistoire-de-betty-de-lapprehension-du-lever-a-un-transfert-en-toute-securite\/#article","isPartOf":{"@id":"https:\/\/www.carimatech.com\/fr\/2025\/09\/29\/lhistoire-de-betty-de-lapprehension-du-lever-a-un-transfert-en-toute-securite\/"},"author":{"name":"Roc\u00edo Chaile","@id":"https:\/\/www.carimatech.com\/fr\/#\/schema\/person\/0ac26c898f70d85af31db5aa32785789"},"headline":"L\u2019histoire de Betty : de l\u2019appr\u00e9hension du lever \u00e0 un transfert en toute s\u00e9curit\u00e9","datePublished":"2025-09-29T13:58:29+00:00","mainEntityOfPage":{"@id":"https:\/\/www.carimatech.com\/fr\/2025\/09\/29\/lhistoire-de-betty-de-lapprehension-du-lever-a-un-transfert-en-toute-securite\/"},"wordCount":601,"image":{"@id":"https:\/\/www.carimatech.com\/fr\/2025\/09\/29\/lhistoire-de-betty-de-lapprehension-du-lever-a-un-transfert-en-toute-securite\/#primaryimage"},"thumbnailUrl":"https:\/\/www.carimatech.com\/app\/uploads\/2025\/09\/airflow.jpg","keywords":["gruadetecho","harnais","soins en toute s\u00e9curit\u00e9","transfert digne","traslado"],"articleSection":["L\u00e8ve-personnes plafonniers","Nouvelles fonctionnalit\u00e9s"],"inLanguage":"fr-FR"},{"@type":"WebPage","@id":"https:\/\/www.carimatech.com\/fr\/2025\/09\/29\/lhistoire-de-betty-de-lapprehension-du-lever-a-un-transfert-en-toute-securite\/","url":"https:\/\/www.carimatech.com\/fr\/2025\/09\/29\/lhistoire-de-betty-de-lapprehension-du-lever-a-un-transfert-en-toute-securite\/","name":"L\u2019histoire de Betty : de l\u2019appr\u00e9hension du lever \u00e0 un transfert en toute s\u00e9curit\u00e9 - Carima","isPartOf":{"@id":"https:\/\/www.carimatech.com\/fr\/#website"},"primaryImageOfPage":{"@id":"https:\/\/www.carimatech.com\/fr\/2025\/09\/29\/lhistoire-de-betty-de-lapprehension-du-lever-a-un-transfert-en-toute-securite\/#primaryimage"},"image":{"@id":"https:\/\/www.carimatech.com\/fr\/2025\/09\/29\/lhistoire-de-betty-de-lapprehension-du-lever-a-un-transfert-en-toute-securite\/#primaryimage"},"thumbnailUrl":"https:\/\/www.carimatech.com\/app\/uploads\/2025\/09\/airflow.jpg","datePublished":"2025-09-29T13:58:29+00:00","author":{"@id":"https:\/\/www.carimatech.com\/fr\/#\/schema\/person\/0ac26c898f70d85af31db5aa32785789"},"description":"L\u2019histoire de Betty nous a \u00e9t\u00e9 transmise par Care Independence, fabricant des harnais distribu\u00e9s par Carima.","breadcrumb":{"@id":"https:\/\/www.carimatech.com\/fr\/2025\/09\/29\/lhistoire-de-betty-de-lapprehension-du-lever-a-un-transfert-en-toute-securite\/#breadcrumb"},"inLanguage":"fr-FR","potentialAction":[{"@type":"ReadAction","target":["https:\/\/www.carimatech.com\/fr\/2025\/09\/29\/lhistoire-de-betty-de-lapprehension-du-lever-a-un-transfert-en-toute-securite\/"]}]},{"@type":"ImageObject","inLanguage":"fr-FR","@id":"https:\/\/www.carimatech.com\/fr\/2025\/09\/29\/lhistoire-de-betty-de-lapprehension-du-lever-a-un-transfert-en-toute-securite\/#primaryimage","url":"https:\/\/www.carimatech.com\/app\/uploads\/2025\/09\/airflow.jpg","contentUrl":"https:\/\/www.carimatech.com\/app\/uploads\/2025\/09\/airflow.jpg","width":1000,"height":680},{"@type":"BreadcrumbList","@id":"https:\/\/www.carimatech.com\/fr\/2025\/09\/29\/lhistoire-de-betty-de-lapprehension-du-lever-a-un-transfert-en-toute-securite\/#breadcrumb","itemListElement":[{"@type":"ListItem","position":1,"name":"Portada","item":"https:\/\/www.carimatech.com\/fr\/home\/"},{"@type":"ListItem","position":2,"name":"L\u2019histoire de Betty : de l\u2019appr\u00e9hension du lever \u00e0 un transfert en toute s\u00e9curit\u00e9"}]},{"@type":"WebSite","@id":"https:\/\/www.carimatech.com\/fr\/#website","url":"https:\/\/www.carimatech.com\/fr\/","name":"Carima","description":"","potentialAction":[{"@type":"SearchAction","target":{"@type":"EntryPoint","urlTemplate":"https:\/\/www.carimatech.com\/fr\/?s={search_term_string}"},"query-input":{"@type":"PropertyValueSpecification","valueRequired":true,"valueName":"search_term_string"}}],"inLanguage":"fr-FR"},{"@type":"Person","@id":"https:\/\/www.carimatech.com\/fr\/#\/schema\/person\/0ac26c898f70d85af31db5aa32785789","name":"Roc\u00edo Chaile","image":{"@type":"ImageObject","inLanguage":"fr-FR","@id":"https:\/\/secure.gravatar.com\/avatar\/c6dc66c7d9e970cbbd0e40bf2f9fc6bb22cfc6759d833cc94b8ca62437e5085c?s=96&d=mm&r=g","url":"https:\/\/secure.gravatar.com\/avatar\/c6dc66c7d9e970cbbd0e40bf2f9fc6bb22cfc6759d833cc94b8ca62437e5085c?s=96&d=mm&r=g","contentUrl":"https:\/\/secure.gravatar.com\/avatar\/c6dc66c7d9e970cbbd0e40bf2f9fc6bb22cfc6759d833cc94b8ca62437e5085c?s=96&d=mm&r=g","caption":"Roc\u00edo Chaile"},"url":"https:\/\/www.carimatech.com\/fr\/author\/rocio\/"}]}},"_links":{"self":[{"href":"https:\/\/www.carimatech.com\/fr\/wp-json\/wp\/v2\/posts\/4315","targetHints":{"allow":["GET"]}}],"collection":[{"href":"https:\/\/www.carimatech.com\/fr\/wp-json\/wp\/v2\/posts"}],"about":[{"href":"https:\/\/www.carimatech.com\/fr\/wp-json\/wp\/v2\/types\/post"}],"author":[{"embeddable":true,"href":"https:\/\/www.carimatech.com\/fr\/wp-json\/wp\/v2\/users\/2"}],"replies":[{"embeddable":true,"href":"https:\/\/www.carimatech.com\/fr\/wp-json\/wp\/v2\/comments?post=4315"}],"version-history":[{"count":0,"href":"https:\/\/www.carimatech.com\/fr\/wp-json\/wp\/v2\/posts\/4315\/revisions"}],"wp:featuredmedia":[{"embeddable":true,"href":"https:\/\/www.carimatech.com\/fr\/wp-json\/wp\/v2\/media\/4314"}],"wp:attachment":[{"href":"https:\/\/www.carimatech.com\/fr\/wp-json\/wp\/v2\/media?parent=4315"}],"wp:term":[{"taxonomy":"category","embeddable":true,"href":"https:\/\/www.carimatech.com\/fr\/wp-json\/wp\/v2\/categories?post=4315"},{"taxonomy":"post_tag","embeddable":true,"href":"https:\/\/www.carimatech.com\/fr\/wp-json\/wp\/v2\/tags?post=4315"}],"curies":[{"name":"wp","href":"https:\/\/api.w.org\/{rel}","templated":true}]}}