{"id":4317,"date":"2025-06-26T10:35:47","date_gmt":"2025-06-26T08:35:47","guid":{"rendered":"https:\/\/www.carimatech.com\/2025\/06\/26\/carima-reprend-lactivite-derreka-gruas\/"},"modified":"2025-06-26T10:35:47","modified_gmt":"2025-06-26T08:35:47","slug":"carima-reprend-lactivite-derreka-gruas","status":"publish","type":"post","link":"https:\/\/www.carimatech.com\/fr\/2025\/06\/26\/carima-reprend-lactivite-derreka-gruas\/","title":{"rendered":"Carima reprend l\u2019activit\u00e9 d\u2019Erreka Gr\u00faas"},"content":{"rendered":"<p><span style=\"font-weight: 400;\">Depuis le 1er septembre 2024, Carima reprend l\u2019unit\u00e9 de gr\u00faas de techo (l\u00e8ve-personnes sur rail) d\u2019Erreka, marquant le d\u00e9but d\u2019une nouvelle \u00e9tape dans le d\u00e9veloppement de nos solutions de transfert.<\/span><\/p>\n<p><span style=\"font-weight: 400;\">Cette reprise repr\u00e9sente bien plus qu\u2019une op\u00e9ration commerciale. Elle symbolise la convergence de deux trajectoires anim\u00e9es par un m\u00eame objectif : am\u00e9liorer l\u2019autonomie et la qualit\u00e9 de vie des personnes \u00e0 mobilit\u00e9 r\u00e9duite gr\u00e2ce \u00e0 l\u2019innovation, au design fonctionnel et \u00e0 l\u2019ing\u00e9nierie appliqu\u00e9e. <\/span><\/p>\n<h3><b>Que signifie cette reprise pour nos clients ?<\/b><\/h3>\n<p><span style=\"font-weight: 400;\">La reprise de l\u2019unit\u00e9 Erreka Gr\u00faas nous permet d\u2019\u00e9largir notre catalogue, d\u2019optimiser nos processus de production et de continuer \u00e0 proposer des l\u00e8ve-personnes sur rail robustes, fiables et performants, d\u00e9sormais sous la marque Carima.<br \/>Nous conservons l\u2019essence et la fiabilit\u00e9 qui caract\u00e9risaient Erreka Gr\u00faas, d\u00e9sormais renforc\u00e9es par l\u2019expertise et l\u2019approche humaine propres \u00e0 Carima.<br \/> <\/span><\/p>\n<p><span style=\"font-weight: 400;\">Nos clients \u2014 r\u00e9sidences, h\u00f4pitaux, centres sp\u00e9cialis\u00e9s ou distributeurs \u2014 b\u00e9n\u00e9ficieront d\u2019une offre plus compl\u00e8te, d\u2019un accompagnement technique expert et d\u2019un service apr\u00e8s-vente consolid\u00e9. L\u2019objectif reste le m\u00eame : cr\u00e9er des environnements plus accessibles, plus s\u00fbrs et plus dignes. <\/span><\/p>\n<h3><b>Continuit\u00e9, qualit\u00e9 et engagement<\/b><\/h3>\n<p><span style=\"font-weight: 400;\">Cette reprise ne se limite pas \u00e0 pr\u00e9server le savoir-faire technique et l\u2019exp\u00e9rience de l\u2019\u00e9quipe d\u2019Erreka Gr\u00faas ; elle y ajoute la vision globale de Carima. Cela inclut un accompagnement complet : de la consultation gratuite pour identifier la solution optimale, jusqu\u2019\u00e0 l\u2019installation et la maintenance des syst\u00e8mes de levage, avec un design adapt\u00e9 \u00e0 chaque espace et \u00e0 chaque besoin. <\/span><\/p>\n<p><span style=\"font-weight: 400;\">Gr\u00e2ce \u00e0 cette reprise, nous consolidons davantage notre proposition de valeur :<\/span><\/p>\n<ul>\n<li style=\"font-weight: 400;\" aria-level=\"1\"><span style=\"font-weight: 400;\">des transferts s\u00fbrs et continus du lit aux toilettes, au fauteuil ou \u00e0 la douche, y compris entre diff\u00e9rentes pi\u00e8ces.<\/span><\/li>\n<li style=\"font-weight: 400;\" aria-level=\"1\"><span style=\"font-weight: 400;\">des solutions adaptables \u00e0 tout type d\u2019espace, avec des rails discrets et \u00e9l\u00e9gants.<\/span><\/li>\n<li style=\"font-weight: 400;\" aria-level=\"1\"><span style=\"font-weight: 400;\">une \u00e9quipe technique forte de plus de 20 ans d\u2019exp\u00e9rience, avec une approche centr\u00e9e sur les personnes.<\/span><\/li>\n<li style=\"font-weight: 400;\" aria-level=\"1\">des sanitaires portables pour espaces publics et priv\u00e9s : \u00e9quip\u00e9s de l\u00e8ve-personnes sur rail, lavabos et tables de change r\u00e9glables, douches accessibles, bancs d\u2019habillage et espace suffisant pour man\u0153uvrer en toute s\u00e9curit\u00e9.<\/li>\n<\/ul>\n<h3><b>Vers un soin plus inclusif, humain et connect\u00e9<\/b><\/h3>\n<p><span style=\"font-weight: 400;\">Chez Carima, nous croyons que la technologie doit servir l\u2019autonomie, la dignit\u00e9 et le soin. Cette reprise constitue une avanc\u00e9e suppl\u00e9mentaire dans notre mission : transformer la mani\u00e8re de prendre soin, en la rendant plus accessible, plus efficace et surtout plus humaine. <\/span><\/p>\n<p><span style=\"font-weight: 400;\">Nous concevons des solutions adapt\u00e9es aux r\u00e9alit\u00e9s du terrain, qui respectent la dignit\u00e9 des personnes accompagn\u00e9es et facilitent le travail de celles et ceux qui les soutiennent.<br \/> Des solutions pens\u00e9es pour les centres, les r\u00e9sidences, les h\u00f4pitaux et les foyers, avec un objectif commun : am\u00e9liorer le quotidien. <\/span><\/p>\n<p><span style=\"font-weight: 400;\">\u00c0 chaque \u00e9tape, nous r\u00e9affirmons notre engagement envers une soci\u00e9t\u00e9 plus inclusive, o\u00f9 se d\u00e9placer en s\u00e9curit\u00e9 n\u2019est pas un privil\u00e8ge mais un droit. O\u00f9 un transfert d\u2019hygi\u00e8ne n\u2019est plus une contrainte, mais un geste respectueux, confortable et sans effort.  <\/span><\/p>\n<p><span style=\"font-weight: 400;\">Nous imaginons un monde o\u00f9 la technologie accompagne le soin ; o\u00f9 chaque espace peut \u00eatre \u00e9quip\u00e9 de solutions fonctionnelles, personnalis\u00e9es et respectueuses.  Et o\u00f9 chaque transfert devient continu, s\u00fbr et plus doux pour tous.<\/span><\/p>\n<p><b>Nous vous aidons \u00e0 trouver la solution de transfert la plus adapt\u00e9e. Demandez votre conseil gratuit et votre devis personnalis\u00e9 : contact@carimatech.fr<\/b><\/p>\n","protected":false},"excerpt":{"rendered":"<p>Depuis le 1er septembre 2024, Carima reprend l\u2019unit\u00e9 de gr\u00faas de techo (l\u00e8ve-personnes sur rail) d\u2019Erreka, marquant le d\u00e9but d\u2019une nouvelle \u00e9tape dans le d\u00e9veloppement de nos solutions de transfert&#8230;.<\/p>\n","protected":false},"author":2,"featured_media":4316,"comment_status":"closed","ping_status":"closed","sticky":false,"template":"","format":"standard","meta":{"_acf_changed":false,"footnotes":""},"categories":[30,29],"tags":[],"class_list":["post-4317","post","type-post","status-publish","format-standard","has-post-thumbnail","hentry","category-leve-personnes-plafonniers","category-nouvelles-fonctionnalites"],"acf":[],"yoast_head":"<!-- This site is optimized with the Yoast SEO plugin v27.5 - https:\/\/yoast.com\/product\/yoast-seo-wordpress\/ -->\n<title>Carima reprend l\u2019activit\u00e9 d\u2019Erreka Gr\u00faas - Carima<\/title>\n<meta name=\"description\" content=\"Chez Carima, nous croyons que la technologie doit servir l\u2019autonomie, la dignit\u00e9 et le soin. Cette reprise constitue une avanc\u00e9e suppl\u00e9mentaire dans notre mission : transformer la mani\u00e8re de prendre soin, en la rendant plus accessible, plus efficace et surtout plus humaine.\" \/>\n<meta name=\"robots\" content=\"index, follow, max-snippet:-1, max-image-preview:large, max-video-preview:-1\" \/>\n<link rel=\"canonical\" href=\"https:\/\/www.carimatech.com\/fr\/2025\/06\/26\/carima-reprend-lactivite-derreka-gruas\/\" \/>\n<meta property=\"og:locale\" content=\"fr_FR\" \/>\n<meta property=\"og:type\" content=\"article\" \/>\n<meta property=\"og:title\" content=\"Carima reprend l\u2019activit\u00e9 d\u2019Erreka Gr\u00faas - Carima\" \/>\n<meta property=\"og:description\" content=\"Chez Carima, nous croyons que la technologie doit servir l\u2019autonomie, la dignit\u00e9 et le soin. Cette reprise constitue une avanc\u00e9e suppl\u00e9mentaire dans notre mission : transformer la mani\u00e8re de prendre soin, en la rendant plus accessible, plus efficace et surtout plus humaine.\" \/>\n<meta property=\"og:url\" content=\"https:\/\/www.carimatech.com\/fr\/2025\/06\/26\/carima-reprend-lactivite-derreka-gruas\/\" \/>\n<meta property=\"og:site_name\" content=\"Carima\" \/>\n<meta property=\"article:published_time\" content=\"2025-06-26T08:35:47+00:00\" \/>\n<meta property=\"og:image\" content=\"https:\/\/www.carimatech.com\/app\/uploads\/2025\/06\/Diseno-sin-titulo-1024x696.png\" \/>\n\t<meta property=\"og:image:width\" content=\"1024\" \/>\n\t<meta property=\"og:image:height\" content=\"696\" \/>\n\t<meta property=\"og:image:type\" content=\"image\/png\" \/>\n<meta name=\"author\" content=\"Roc\u00edo Chaile\" \/>\n<meta name=\"twitter:card\" content=\"summary_large_image\" \/>\n<meta name=\"twitter:label1\" content=\"\u00c9crit par\" \/>\n\t<meta name=\"twitter:data1\" content=\"Roc\u00edo Chaile\" \/>\n\t<meta name=\"twitter:label2\" content=\"Dur\u00e9e de lecture estim\u00e9e\" \/>\n\t<meta name=\"twitter:data2\" content=\"3 minutes\" \/>\n<script type=\"application\/ld+json\" class=\"yoast-schema-graph\">{\"@context\":\"https:\\\/\\\/schema.org\",\"@graph\":[{\"@type\":\"Article\",\"@id\":\"https:\\\/\\\/www.carimatech.com\\\/fr\\\/2025\\\/06\\\/26\\\/carima-reprend-lactivite-derreka-gruas\\\/#article\",\"isPartOf\":{\"@id\":\"https:\\\/\\\/www.carimatech.com\\\/fr\\\/2025\\\/06\\\/26\\\/carima-reprend-lactivite-derreka-gruas\\\/\"},\"author\":{\"name\":\"Roc\u00edo Chaile\",\"@id\":\"https:\\\/\\\/www.carimatech.com\\\/fr\\\/#\\\/schema\\\/person\\\/0ac26c898f70d85af31db5aa32785789\"},\"headline\":\"Carima reprend l\u2019activit\u00e9 d\u2019Erreka Gr\u00faas\",\"datePublished\":\"2025-06-26T08:35:47+00:00\",\"mainEntityOfPage\":{\"@id\":\"https:\\\/\\\/www.carimatech.com\\\/fr\\\/2025\\\/06\\\/26\\\/carima-reprend-lactivite-derreka-gruas\\\/\"},\"wordCount\":606,\"image\":{\"@id\":\"https:\\\/\\\/www.carimatech.com\\\/fr\\\/2025\\\/06\\\/26\\\/carima-reprend-lactivite-derreka-gruas\\\/#primaryimage\"},\"thumbnailUrl\":\"https:\\\/\\\/www.carimatech.com\\\/app\\\/uploads\\\/2025\\\/06\\\/Diseno-sin-titulo.png\",\"articleSection\":[\"L\u00e8ve-personnes plafonniers\",\"Nouvelles fonctionnalit\u00e9s\"],\"inLanguage\":\"fr-FR\"},{\"@type\":\"WebPage\",\"@id\":\"https:\\\/\\\/www.carimatech.com\\\/fr\\\/2025\\\/06\\\/26\\\/carima-reprend-lactivite-derreka-gruas\\\/\",\"url\":\"https:\\\/\\\/www.carimatech.com\\\/fr\\\/2025\\\/06\\\/26\\\/carima-reprend-lactivite-derreka-gruas\\\/\",\"name\":\"Carima reprend l\u2019activit\u00e9 d\u2019Erreka Gr\u00faas - Carima\",\"isPartOf\":{\"@id\":\"https:\\\/\\\/www.carimatech.com\\\/fr\\\/#website\"},\"primaryImageOfPage\":{\"@id\":\"https:\\\/\\\/www.carimatech.com\\\/fr\\\/2025\\\/06\\\/26\\\/carima-reprend-lactivite-derreka-gruas\\\/#primaryimage\"},\"image\":{\"@id\":\"https:\\\/\\\/www.carimatech.com\\\/fr\\\/2025\\\/06\\\/26\\\/carima-reprend-lactivite-derreka-gruas\\\/#primaryimage\"},\"thumbnailUrl\":\"https:\\\/\\\/www.carimatech.com\\\/app\\\/uploads\\\/2025\\\/06\\\/Diseno-sin-titulo.png\",\"datePublished\":\"2025-06-26T08:35:47+00:00\",\"author\":{\"@id\":\"https:\\\/\\\/www.carimatech.com\\\/fr\\\/#\\\/schema\\\/person\\\/0ac26c898f70d85af31db5aa32785789\"},\"description\":\"Chez Carima, nous croyons que la technologie doit servir l\u2019autonomie, la dignit\u00e9 et le soin. Cette reprise constitue une avanc\u00e9e suppl\u00e9mentaire dans notre mission : transformer la mani\u00e8re de prendre soin, en la rendant plus accessible, plus efficace et surtout plus humaine.\",\"breadcrumb\":{\"@id\":\"https:\\\/\\\/www.carimatech.com\\\/fr\\\/2025\\\/06\\\/26\\\/carima-reprend-lactivite-derreka-gruas\\\/#breadcrumb\"},\"inLanguage\":\"fr-FR\",\"potentialAction\":[{\"@type\":\"ReadAction\",\"target\":[\"https:\\\/\\\/www.carimatech.com\\\/fr\\\/2025\\\/06\\\/26\\\/carima-reprend-lactivite-derreka-gruas\\\/\"]}]},{\"@type\":\"ImageObject\",\"inLanguage\":\"fr-FR\",\"@id\":\"https:\\\/\\\/www.carimatech.com\\\/fr\\\/2025\\\/06\\\/26\\\/carima-reprend-lactivite-derreka-gruas\\\/#primaryimage\",\"url\":\"https:\\\/\\\/www.carimatech.com\\\/app\\\/uploads\\\/2025\\\/06\\\/Diseno-sin-titulo.png\",\"contentUrl\":\"https:\\\/\\\/www.carimatech.com\\\/app\\\/uploads\\\/2025\\\/06\\\/Diseno-sin-titulo.png\",\"width\":2397,\"height\":1630},{\"@type\":\"BreadcrumbList\",\"@id\":\"https:\\\/\\\/www.carimatech.com\\\/fr\\\/2025\\\/06\\\/26\\\/carima-reprend-lactivite-derreka-gruas\\\/#breadcrumb\",\"itemListElement\":[{\"@type\":\"ListItem\",\"position\":1,\"name\":\"Portada\",\"item\":\"https:\\\/\\\/www.carimatech.com\\\/fr\\\/home\\\/\"},{\"@type\":\"ListItem\",\"position\":2,\"name\":\"Carima reprend l\u2019activit\u00e9 d\u2019Erreka Gr\u00faas\"}]},{\"@type\":\"WebSite\",\"@id\":\"https:\\\/\\\/www.carimatech.com\\\/fr\\\/#website\",\"url\":\"https:\\\/\\\/www.carimatech.com\\\/fr\\\/\",\"name\":\"Carima\",\"description\":\"\",\"potentialAction\":[{\"@type\":\"SearchAction\",\"target\":{\"@type\":\"EntryPoint\",\"urlTemplate\":\"https:\\\/\\\/www.carimatech.com\\\/fr\\\/?s={search_term_string}\"},\"query-input\":{\"@type\":\"PropertyValueSpecification\",\"valueRequired\":true,\"valueName\":\"search_term_string\"}}],\"inLanguage\":\"fr-FR\"},{\"@type\":\"Person\",\"@id\":\"https:\\\/\\\/www.carimatech.com\\\/fr\\\/#\\\/schema\\\/person\\\/0ac26c898f70d85af31db5aa32785789\",\"name\":\"Roc\u00edo Chaile\",\"image\":{\"@type\":\"ImageObject\",\"inLanguage\":\"fr-FR\",\"@id\":\"https:\\\/\\\/secure.gravatar.com\\\/avatar\\\/c6dc66c7d9e970cbbd0e40bf2f9fc6bb22cfc6759d833cc94b8ca62437e5085c?s=96&d=mm&r=g\",\"url\":\"https:\\\/\\\/secure.gravatar.com\\\/avatar\\\/c6dc66c7d9e970cbbd0e40bf2f9fc6bb22cfc6759d833cc94b8ca62437e5085c?s=96&d=mm&r=g\",\"contentUrl\":\"https:\\\/\\\/secure.gravatar.com\\\/avatar\\\/c6dc66c7d9e970cbbd0e40bf2f9fc6bb22cfc6759d833cc94b8ca62437e5085c?s=96&d=mm&r=g\",\"caption\":\"Roc\u00edo Chaile\"},\"url\":\"https:\\\/\\\/www.carimatech.com\\\/fr\\\/author\\\/rocio\\\/\"}]}<\/script>\n<!-- \/ Yoast SEO plugin. -->","yoast_head_json":{"title":"Carima reprend l\u2019activit\u00e9 d\u2019Erreka Gr\u00faas - Carima","description":"Chez Carima, nous croyons que la technologie doit servir l\u2019autonomie, la dignit\u00e9 et le soin. Cette reprise constitue une avanc\u00e9e suppl\u00e9mentaire dans notre mission : transformer la mani\u00e8re de prendre soin, en la rendant plus accessible, plus efficace et surtout plus humaine.","robots":{"index":"index","follow":"follow","max-snippet":"max-snippet:-1","max-image-preview":"max-image-preview:large","max-video-preview":"max-video-preview:-1"},"canonical":"https:\/\/www.carimatech.com\/fr\/2025\/06\/26\/carima-reprend-lactivite-derreka-gruas\/","og_locale":"fr_FR","og_type":"article","og_title":"Carima reprend l\u2019activit\u00e9 d\u2019Erreka Gr\u00faas - Carima","og_description":"Chez Carima, nous croyons que la technologie doit servir l\u2019autonomie, la dignit\u00e9 et le soin. Cette reprise constitue une avanc\u00e9e suppl\u00e9mentaire dans notre mission : transformer la mani\u00e8re de prendre soin, en la rendant plus accessible, plus efficace et surtout plus humaine.","og_url":"https:\/\/www.carimatech.com\/fr\/2025\/06\/26\/carima-reprend-lactivite-derreka-gruas\/","og_site_name":"Carima","article_published_time":"2025-06-26T08:35:47+00:00","og_image":[{"width":1024,"height":696,"url":"https:\/\/www.carimatech.com\/app\/uploads\/2025\/06\/Diseno-sin-titulo-1024x696.png","type":"image\/png"}],"author":"Roc\u00edo Chaile","twitter_card":"summary_large_image","twitter_misc":{"\u00c9crit par":"Roc\u00edo Chaile","Dur\u00e9e de lecture estim\u00e9e":"3 minutes"},"schema":{"@context":"https:\/\/schema.org","@graph":[{"@type":"Article","@id":"https:\/\/www.carimatech.com\/fr\/2025\/06\/26\/carima-reprend-lactivite-derreka-gruas\/#article","isPartOf":{"@id":"https:\/\/www.carimatech.com\/fr\/2025\/06\/26\/carima-reprend-lactivite-derreka-gruas\/"},"author":{"name":"Roc\u00edo Chaile","@id":"https:\/\/www.carimatech.com\/fr\/#\/schema\/person\/0ac26c898f70d85af31db5aa32785789"},"headline":"Carima reprend l\u2019activit\u00e9 d\u2019Erreka Gr\u00faas","datePublished":"2025-06-26T08:35:47+00:00","mainEntityOfPage":{"@id":"https:\/\/www.carimatech.com\/fr\/2025\/06\/26\/carima-reprend-lactivite-derreka-gruas\/"},"wordCount":606,"image":{"@id":"https:\/\/www.carimatech.com\/fr\/2025\/06\/26\/carima-reprend-lactivite-derreka-gruas\/#primaryimage"},"thumbnailUrl":"https:\/\/www.carimatech.com\/app\/uploads\/2025\/06\/Diseno-sin-titulo.png","articleSection":["L\u00e8ve-personnes plafonniers","Nouvelles fonctionnalit\u00e9s"],"inLanguage":"fr-FR"},{"@type":"WebPage","@id":"https:\/\/www.carimatech.com\/fr\/2025\/06\/26\/carima-reprend-lactivite-derreka-gruas\/","url":"https:\/\/www.carimatech.com\/fr\/2025\/06\/26\/carima-reprend-lactivite-derreka-gruas\/","name":"Carima reprend l\u2019activit\u00e9 d\u2019Erreka Gr\u00faas - Carima","isPartOf":{"@id":"https:\/\/www.carimatech.com\/fr\/#website"},"primaryImageOfPage":{"@id":"https:\/\/www.carimatech.com\/fr\/2025\/06\/26\/carima-reprend-lactivite-derreka-gruas\/#primaryimage"},"image":{"@id":"https:\/\/www.carimatech.com\/fr\/2025\/06\/26\/carima-reprend-lactivite-derreka-gruas\/#primaryimage"},"thumbnailUrl":"https:\/\/www.carimatech.com\/app\/uploads\/2025\/06\/Diseno-sin-titulo.png","datePublished":"2025-06-26T08:35:47+00:00","author":{"@id":"https:\/\/www.carimatech.com\/fr\/#\/schema\/person\/0ac26c898f70d85af31db5aa32785789"},"description":"Chez Carima, nous croyons que la technologie doit servir l\u2019autonomie, la dignit\u00e9 et le soin. Cette reprise constitue une avanc\u00e9e suppl\u00e9mentaire dans notre mission : transformer la mani\u00e8re de prendre soin, en la rendant plus accessible, plus efficace et surtout plus humaine.","breadcrumb":{"@id":"https:\/\/www.carimatech.com\/fr\/2025\/06\/26\/carima-reprend-lactivite-derreka-gruas\/#breadcrumb"},"inLanguage":"fr-FR","potentialAction":[{"@type":"ReadAction","target":["https:\/\/www.carimatech.com\/fr\/2025\/06\/26\/carima-reprend-lactivite-derreka-gruas\/"]}]},{"@type":"ImageObject","inLanguage":"fr-FR","@id":"https:\/\/www.carimatech.com\/fr\/2025\/06\/26\/carima-reprend-lactivite-derreka-gruas\/#primaryimage","url":"https:\/\/www.carimatech.com\/app\/uploads\/2025\/06\/Diseno-sin-titulo.png","contentUrl":"https:\/\/www.carimatech.com\/app\/uploads\/2025\/06\/Diseno-sin-titulo.png","width":2397,"height":1630},{"@type":"BreadcrumbList","@id":"https:\/\/www.carimatech.com\/fr\/2025\/06\/26\/carima-reprend-lactivite-derreka-gruas\/#breadcrumb","itemListElement":[{"@type":"ListItem","position":1,"name":"Portada","item":"https:\/\/www.carimatech.com\/fr\/home\/"},{"@type":"ListItem","position":2,"name":"Carima reprend l\u2019activit\u00e9 d\u2019Erreka Gr\u00faas"}]},{"@type":"WebSite","@id":"https:\/\/www.carimatech.com\/fr\/#website","url":"https:\/\/www.carimatech.com\/fr\/","name":"Carima","description":"","potentialAction":[{"@type":"SearchAction","target":{"@type":"EntryPoint","urlTemplate":"https:\/\/www.carimatech.com\/fr\/?s={search_term_string}"},"query-input":{"@type":"PropertyValueSpecification","valueRequired":true,"valueName":"search_term_string"}}],"inLanguage":"fr-FR"},{"@type":"Person","@id":"https:\/\/www.carimatech.com\/fr\/#\/schema\/person\/0ac26c898f70d85af31db5aa32785789","name":"Roc\u00edo Chaile","image":{"@type":"ImageObject","inLanguage":"fr-FR","@id":"https:\/\/secure.gravatar.com\/avatar\/c6dc66c7d9e970cbbd0e40bf2f9fc6bb22cfc6759d833cc94b8ca62437e5085c?s=96&d=mm&r=g","url":"https:\/\/secure.gravatar.com\/avatar\/c6dc66c7d9e970cbbd0e40bf2f9fc6bb22cfc6759d833cc94b8ca62437e5085c?s=96&d=mm&r=g","contentUrl":"https:\/\/secure.gravatar.com\/avatar\/c6dc66c7d9e970cbbd0e40bf2f9fc6bb22cfc6759d833cc94b8ca62437e5085c?s=96&d=mm&r=g","caption":"Roc\u00edo Chaile"},"url":"https:\/\/www.carimatech.com\/fr\/author\/rocio\/"}]}},"_links":{"self":[{"href":"https:\/\/www.carimatech.com\/fr\/wp-json\/wp\/v2\/posts\/4317","targetHints":{"allow":["GET"]}}],"collection":[{"href":"https:\/\/www.carimatech.com\/fr\/wp-json\/wp\/v2\/posts"}],"about":[{"href":"https:\/\/www.carimatech.com\/fr\/wp-json\/wp\/v2\/types\/post"}],"author":[{"embeddable":true,"href":"https:\/\/www.carimatech.com\/fr\/wp-json\/wp\/v2\/users\/2"}],"replies":[{"embeddable":true,"href":"https:\/\/www.carimatech.com\/fr\/wp-json\/wp\/v2\/comments?post=4317"}],"version-history":[{"count":0,"href":"https:\/\/www.carimatech.com\/fr\/wp-json\/wp\/v2\/posts\/4317\/revisions"}],"wp:featuredmedia":[{"embeddable":true,"href":"https:\/\/www.carimatech.com\/fr\/wp-json\/wp\/v2\/media\/4316"}],"wp:attachment":[{"href":"https:\/\/www.carimatech.com\/fr\/wp-json\/wp\/v2\/media?parent=4317"}],"wp:term":[{"taxonomy":"category","embeddable":true,"href":"https:\/\/www.carimatech.com\/fr\/wp-json\/wp\/v2\/categories?post=4317"},{"taxonomy":"post_tag","embeddable":true,"href":"https:\/\/www.carimatech.com\/fr\/wp-json\/wp\/v2\/tags?post=4317"}],"curies":[{"name":"wp","href":"https:\/\/api.w.org\/{rel}","templated":true}]}}