{"id":4320,"date":"2025-03-11T12:36:14","date_gmt":"2025-03-11T11:36:14","guid":{"rendered":"https:\/\/www.carimatech.com\/2025\/03\/11\/vers-la-fin-des-transferts-manuels-limpact-des-leve-personnes-sur-rails-en-ehpad\/"},"modified":"2025-03-11T12:36:14","modified_gmt":"2025-03-11T11:36:14","slug":"vers-la-fin-des-transferts-manuels-limpact-des-leve-personnes-sur-rails-en-ehpad","status":"publish","type":"post","link":"https:\/\/www.carimatech.com\/fr\/2025\/03\/11\/vers-la-fin-des-transferts-manuels-limpact-des-leve-personnes-sur-rails-en-ehpad\/","title":{"rendered":"Vers la fin des transferts manuels : l\u2019impact des l\u00e8ve-personnes sur rails en EHPAD"},"content":{"rendered":"<p class=\"p1\">L\u2019installation de l\u00e8ve-personnes sur rails dans les r\u00e9sidences pour personnes \u00e2g\u00e9es apporte des b\u00e9n\u00e9fices majeurs, tant pour les r\u00e9sidents que pour le personnel soignant. En renfor\u00e7ant la s\u00e9curit\u00e9 et en r\u00e9duisant l\u2019effort physique des \u00e9quipes, ces solutions transforment le quotidien des centres, am\u00e9liorant \u00e0 la fois la qualit\u00e9 de l\u2019accompagnement et la vie de celles et ceux qui y vivent et y travaillent. <span class=\"Apple-converted-space\"> <\/span><\/p>\n<h2 class=\"p2\"><b>Quels sont les avantages des l\u00e8ve-personnes sur rail en r\u00e9sidence ?<\/b><\/h2>\n<ol class=\"ol1\">\n<li class=\"li1\"><b>S\u00e9curit\u00e9 \u00e0 chaque transfert<\/b><\/li>\n<\/ol>\n<p class=\"p1\">Les chutes repr\u00e9sentent l\u2019un des plus grands risques en EHPAD, pouvant entra\u00eener des blessures graves ou des fractures. Parall\u00e8lement, les transferts manuels sollicitent fortement le personnel, augmentant les risques de l\u00e9sions et d\u2019arr\u00eats de travail. <\/p>\n<p class=\"p2\">Les l\u00e8ve-personnes sur rail garantissent des transferts doux et s\u00fbrs. Gr\u00e2ce \u00e0 leur stabilit\u00e9, les r\u00e9sidents se sentent plus confiants et plus d\u00e9tendus lors des d\u00e9placements. Pour les soignants, ils \u00e9liminent la n\u00e9cessit\u00e9 de soulever du poids, pr\u00e9venant les surcharges physiques et r\u00e9duisant les risques de blessures au dos et aux articulations.  <\/p>\n<ol class=\"ol1\">\n<li class=\"li1\"><b>Plus d\u2019efficacit\u00e9 pour le personnel soignant<\/b><\/li>\n<\/ol>\n<p class=\"p1\">Chaque jour, les \u00e9quipes r\u00e9alisent de nombreux transferts : du lit au fauteuil, \u00e0 la baignoire, \u00e0 la douche\u2026 Sans dispositif adapt\u00e9, ces man\u0153uvres demandent un effort important et requi\u00e8rent souvent plusieurs soignants. Cela alourdit la charge de travail, ralentit le rythme des soins et cr\u00e9e des temps d\u2019attente pour les r\u00e9sidents.  <\/p>\n<p class=\"p2\">Avec un l\u00e8ve-personne sur rail, les transferts deviennent plus rapides, fluides et faciles \u00e0 r\u00e9aliser. Un seul soignant peut effectuer la man\u0153uvre en toute s\u00e9curit\u00e9, optimisant le temps et am\u00e9liorant l\u2019organisation du centre. Le personnel peut ainsi se concentrer davantage sur une attention personnalis\u00e9e et sur le bien-\u00eatre des r\u00e9sidents, plut\u00f4t que sur des t\u00e2ches physiques r\u00e9p\u00e9titives.  <\/p>\n<ol class=\"ol1\">\n<li class=\"li1\"><b>Plus d\u2019autonomie et une meilleure qualit\u00e9 de vie pour les r\u00e9sidents<\/b><\/li>\n<\/ol>\n<p class=\"p1\">L\u2019autonomie est essentielle au bien-\u00eatre et \u00e0 la dignit\u00e9 des personnes \u00e2g\u00e9es. La mobilit\u00e9 assist\u00e9e ne doit pas signifier perte d\u2019autonomie : les l\u00e8ve-personnes sur rail permettent parfois aux r\u00e9sidents de participer davantage \u00e0 leurs d\u00e9placements. <\/p>\n<p class=\"p2\">Dans certains cas, ils facilitent un acc\u00e8s plus autonome aux toilettes, r\u00e9duisant la n\u00e9cessit\u00e9 d\u2019une aide constante. Ils apportent \u00e9galement davantage d\u2019intimit\u00e9 lors des transferts, diminuant le sentiment de d\u00e9pendance et renfor\u00e7ant la confiance du r\u00e9sident. En rendant la mobilit\u00e9 quotidienne plus fluide et naturelle, ils am\u00e9liorent la qualit\u00e9 de vie au sein de la r\u00e9sidence.  <\/p>\n<ol class=\"ol1\">\n<li class=\"li1\"><b>R\u00e9duction de l\u2019effort physique et des blessures pour les \u00e9quipes<\/b><\/li>\n<\/ol>\n<p class=\"p1\">Les transferts manuels r\u00e9p\u00e9titifs sont l\u2019une des principales causes d\u2019arr\u00eats de travail en EHPAD. Soulever et d\u00e9placer des r\u00e9sidents plusieurs fois par jour entra\u00eene une usure physique continue pour les soignants, pouvant provoquer douleurs chroniques, blessures dorsales et troubles musculosquelettiques. <\/p>\n<p class=\"p1\">Les l\u00e8ve-personnes sur rail suppriment la n\u00e9cessit\u00e9 de porter manuellement des charges lourdes, garantissant des postures plus ergonomiques et r\u00e9duisant l\u2019effort physique \u00e0 chaque man\u0153uvre. Cela am\u00e9liore non seulement les conditions de travail, mais contribue aussi \u00e0 un environnement plus s\u00fbr, avec moins de blessures et moins d\u2019arr\u00eats maladie. <\/p>\n<h2 class=\"p1\"><strong>Les l\u00e8ve-personnes sur rail en r\u00e9sidence : un avant et un apr\u00e8s<\/strong><\/h2>\n<p class=\"p1\">Dans un EHPAD, les transferts entre le lit, le fauteuil et la salle de bains sont fr\u00e9quents. Ces d\u00e9placements peuvent \u00eatre longs, fatigants et parfois risqu\u00e9s pour les r\u00e9sidents comme pour les \u00e9quipes. <\/p>\n<p class=\"p1\">Avec des l\u00e8ve-personnes sur rail install\u00e9s dans les chambres et salles de bain, les transferts deviennent plus s\u00fbrs et plus efficaces. Un seul soignant peut effectuer la man\u0153uvre sans effort et sans risque, am\u00e9liorant les temps de prise en charge et la qualit\u00e9 des soins.<br \/> Cette installation r\u00e9duit non seulement les risques de chutes, mais diminue aussi le nombre d\u2019arr\u00eats maladie parmi le personnel, cr\u00e9ant un environnement de travail plus s\u00fbr, plus sain et plus durable.  <\/p>\n<p class=\"p1\">Chez Carima, nous avons accompagn\u00e9 de nombreux EHPAD et constatons chaque jour l\u2019impact positif des l\u00e8ve-personnes sur rail sur la s\u00e9curit\u00e9 et le bien-\u00eatre des r\u00e9sidents comme des soignants.<\/p>\n<p class=\"p1\">Si vous souhaitez am\u00e9liorer la s\u00e9curit\u00e9 et l\u2019efficacit\u00e9 des gestes dans votre EHPAD, contactez-nous. Demandez votre conseil personnalis\u00e9 et votre devis : contact@carimatech.fr <\/p>\n","protected":false},"excerpt":{"rendered":"<p>L\u2019installation de l\u00e8ve-personnes sur rails dans les r\u00e9sidences pour personnes \u00e2g\u00e9es apporte des b\u00e9n\u00e9fices majeurs, tant pour les r\u00e9sidents que pour le personnel soignant. En renfor\u00e7ant la s\u00e9curit\u00e9 et en&#8230;<\/p>\n","protected":false},"author":1,"featured_media":3925,"comment_status":"closed","ping_status":"closed","sticky":false,"template":"","format":"standard","meta":{"_acf_changed":false,"footnotes":""},"categories":[36],"tags":[],"class_list":["post-4320","post","type-post","status-publish","format-standard","has-post-thumbnail","hentry","category-foyers-residentiels-et-centres-de-jour"],"acf":[],"yoast_head":"<!-- This site is optimized with the Yoast SEO plugin v27.5 - https:\/\/yoast.com\/product\/yoast-seo-wordpress\/ -->\n<title>Vers la fin des transferts manuels : l\u2019impact des l\u00e8ve-personnes sur rails en EHPAD - Carima<\/title>\n<meta name=\"description\" content=\"Les l\u00e8ve-personnes sur rail garantissent des transferts doux et s\u00fbrs. Gr\u00e2ce \u00e0 leur stabilit\u00e9, les r\u00e9sidents se sentent plus confiants et plus d\u00e9tendus lors des d\u00e9placements.\" \/>\n<meta name=\"robots\" content=\"index, follow, max-snippet:-1, max-image-preview:large, max-video-preview:-1\" \/>\n<link rel=\"canonical\" href=\"https:\/\/www.carimatech.com\/fr\/2025\/03\/11\/vers-la-fin-des-transferts-manuels-limpact-des-leve-personnes-sur-rails-en-ehpad\/\" \/>\n<meta property=\"og:locale\" content=\"fr_FR\" \/>\n<meta property=\"og:type\" content=\"article\" \/>\n<meta property=\"og:title\" content=\"Vers la fin des transferts manuels : l\u2019impact des l\u00e8ve-personnes sur rails en EHPAD - Carima\" \/>\n<meta property=\"og:description\" content=\"Les l\u00e8ve-personnes sur rail garantissent des transferts doux et s\u00fbrs. Gr\u00e2ce \u00e0 leur stabilit\u00e9, les r\u00e9sidents se sentent plus confiants et plus d\u00e9tendus lors des d\u00e9placements.\" \/>\n<meta property=\"og:url\" content=\"https:\/\/www.carimatech.com\/fr\/2025\/03\/11\/vers-la-fin-des-transferts-manuels-limpact-des-leve-personnes-sur-rails-en-ehpad\/\" \/>\n<meta property=\"og:site_name\" content=\"Carima\" \/>\n<meta property=\"article:published_time\" content=\"2025-03-11T11:36:14+00:00\" \/>\n<meta property=\"og:image\" content=\"https:\/\/www.carimatech.com\/app\/uploads\/2024\/11\/articulo4.jpg\" \/>\n\t<meta property=\"og:image:width\" content=\"2397\" \/>\n\t<meta property=\"og:image:height\" content=\"1630\" \/>\n\t<meta property=\"og:image:type\" content=\"image\/jpeg\" \/>\n<meta name=\"author\" content=\"srmunera\" \/>\n<meta name=\"twitter:card\" content=\"summary_large_image\" \/>\n<meta name=\"twitter:label1\" content=\"\u00c9crit par\" \/>\n\t<meta name=\"twitter:data1\" content=\"srmunera\" \/>\n\t<meta name=\"twitter:label2\" content=\"Dur\u00e9e de lecture estim\u00e9e\" \/>\n\t<meta name=\"twitter:data2\" content=\"4 minutes\" \/>\n<script type=\"application\/ld+json\" class=\"yoast-schema-graph\">{\"@context\":\"https:\\\/\\\/schema.org\",\"@graph\":[{\"@type\":\"Article\",\"@id\":\"https:\\\/\\\/www.carimatech.com\\\/fr\\\/2025\\\/03\\\/11\\\/vers-la-fin-des-transferts-manuels-limpact-des-leve-personnes-sur-rails-en-ehpad\\\/#article\",\"isPartOf\":{\"@id\":\"https:\\\/\\\/www.carimatech.com\\\/fr\\\/2025\\\/03\\\/11\\\/vers-la-fin-des-transferts-manuels-limpact-des-leve-personnes-sur-rails-en-ehpad\\\/\"},\"author\":{\"name\":\"srmunera\",\"@id\":\"https:\\\/\\\/www.carimatech.com\\\/fr\\\/#\\\/schema\\\/person\\\/ee901be42be4354f7db2d58f0a14dbbf\"},\"headline\":\"Vers la fin des transferts manuels : l\u2019impact des l\u00e8ve-personnes sur rails en EHPAD\",\"datePublished\":\"2025-03-11T11:36:14+00:00\",\"mainEntityOfPage\":{\"@id\":\"https:\\\/\\\/www.carimatech.com\\\/fr\\\/2025\\\/03\\\/11\\\/vers-la-fin-des-transferts-manuels-limpact-des-leve-personnes-sur-rails-en-ehpad\\\/\"},\"wordCount\":773,\"image\":{\"@id\":\"https:\\\/\\\/www.carimatech.com\\\/fr\\\/2025\\\/03\\\/11\\\/vers-la-fin-des-transferts-manuels-limpact-des-leve-personnes-sur-rails-en-ehpad\\\/#primaryimage\"},\"thumbnailUrl\":\"https:\\\/\\\/www.carimatech.com\\\/app\\\/uploads\\\/2024\\\/11\\\/articulo4.jpg\",\"articleSection\":[\"foyers r\u00e9sidentiels et centres de jour\"],\"inLanguage\":\"fr-FR\"},{\"@type\":\"WebPage\",\"@id\":\"https:\\\/\\\/www.carimatech.com\\\/fr\\\/2025\\\/03\\\/11\\\/vers-la-fin-des-transferts-manuels-limpact-des-leve-personnes-sur-rails-en-ehpad\\\/\",\"url\":\"https:\\\/\\\/www.carimatech.com\\\/fr\\\/2025\\\/03\\\/11\\\/vers-la-fin-des-transferts-manuels-limpact-des-leve-personnes-sur-rails-en-ehpad\\\/\",\"name\":\"Vers la fin des transferts manuels : l\u2019impact des l\u00e8ve-personnes sur rails en EHPAD - Carima\",\"isPartOf\":{\"@id\":\"https:\\\/\\\/www.carimatech.com\\\/fr\\\/#website\"},\"primaryImageOfPage\":{\"@id\":\"https:\\\/\\\/www.carimatech.com\\\/fr\\\/2025\\\/03\\\/11\\\/vers-la-fin-des-transferts-manuels-limpact-des-leve-personnes-sur-rails-en-ehpad\\\/#primaryimage\"},\"image\":{\"@id\":\"https:\\\/\\\/www.carimatech.com\\\/fr\\\/2025\\\/03\\\/11\\\/vers-la-fin-des-transferts-manuels-limpact-des-leve-personnes-sur-rails-en-ehpad\\\/#primaryimage\"},\"thumbnailUrl\":\"https:\\\/\\\/www.carimatech.com\\\/app\\\/uploads\\\/2024\\\/11\\\/articulo4.jpg\",\"datePublished\":\"2025-03-11T11:36:14+00:00\",\"author\":{\"@id\":\"https:\\\/\\\/www.carimatech.com\\\/fr\\\/#\\\/schema\\\/person\\\/ee901be42be4354f7db2d58f0a14dbbf\"},\"description\":\"Les l\u00e8ve-personnes sur rail garantissent des transferts doux et s\u00fbrs. Gr\u00e2ce \u00e0 leur stabilit\u00e9, les r\u00e9sidents se sentent plus confiants et plus d\u00e9tendus lors des d\u00e9placements.\",\"breadcrumb\":{\"@id\":\"https:\\\/\\\/www.carimatech.com\\\/fr\\\/2025\\\/03\\\/11\\\/vers-la-fin-des-transferts-manuels-limpact-des-leve-personnes-sur-rails-en-ehpad\\\/#breadcrumb\"},\"inLanguage\":\"fr-FR\",\"potentialAction\":[{\"@type\":\"ReadAction\",\"target\":[\"https:\\\/\\\/www.carimatech.com\\\/fr\\\/2025\\\/03\\\/11\\\/vers-la-fin-des-transferts-manuels-limpact-des-leve-personnes-sur-rails-en-ehpad\\\/\"]}]},{\"@type\":\"ImageObject\",\"inLanguage\":\"fr-FR\",\"@id\":\"https:\\\/\\\/www.carimatech.com\\\/fr\\\/2025\\\/03\\\/11\\\/vers-la-fin-des-transferts-manuels-limpact-des-leve-personnes-sur-rails-en-ehpad\\\/#primaryimage\",\"url\":\"https:\\\/\\\/www.carimatech.com\\\/app\\\/uploads\\\/2024\\\/11\\\/articulo4.jpg\",\"contentUrl\":\"https:\\\/\\\/www.carimatech.com\\\/app\\\/uploads\\\/2024\\\/11\\\/articulo4.jpg\",\"width\":2397,\"height\":1630},{\"@type\":\"BreadcrumbList\",\"@id\":\"https:\\\/\\\/www.carimatech.com\\\/fr\\\/2025\\\/03\\\/11\\\/vers-la-fin-des-transferts-manuels-limpact-des-leve-personnes-sur-rails-en-ehpad\\\/#breadcrumb\",\"itemListElement\":[{\"@type\":\"ListItem\",\"position\":1,\"name\":\"Portada\",\"item\":\"https:\\\/\\\/www.carimatech.com\\\/fr\\\/home\\\/\"},{\"@type\":\"ListItem\",\"position\":2,\"name\":\"Vers la fin des transferts manuels : l\u2019impact des l\u00e8ve-personnes sur rails en EHPAD\"}]},{\"@type\":\"WebSite\",\"@id\":\"https:\\\/\\\/www.carimatech.com\\\/fr\\\/#website\",\"url\":\"https:\\\/\\\/www.carimatech.com\\\/fr\\\/\",\"name\":\"Carima\",\"description\":\"\",\"potentialAction\":[{\"@type\":\"SearchAction\",\"target\":{\"@type\":\"EntryPoint\",\"urlTemplate\":\"https:\\\/\\\/www.carimatech.com\\\/fr\\\/?s={search_term_string}\"},\"query-input\":{\"@type\":\"PropertyValueSpecification\",\"valueRequired\":true,\"valueName\":\"search_term_string\"}}],\"inLanguage\":\"fr-FR\"},{\"@type\":\"Person\",\"@id\":\"https:\\\/\\\/www.carimatech.com\\\/fr\\\/#\\\/schema\\\/person\\\/ee901be42be4354f7db2d58f0a14dbbf\",\"name\":\"srmunera\",\"image\":{\"@type\":\"ImageObject\",\"inLanguage\":\"fr-FR\",\"@id\":\"https:\\\/\\\/secure.gravatar.com\\\/avatar\\\/9aea62ba34c1960aefb7beaf9accc624663e80b2287fac268dbc5d7108a08185?s=96&d=mm&r=g\",\"url\":\"https:\\\/\\\/secure.gravatar.com\\\/avatar\\\/9aea62ba34c1960aefb7beaf9accc624663e80b2287fac268dbc5d7108a08185?s=96&d=mm&r=g\",\"contentUrl\":\"https:\\\/\\\/secure.gravatar.com\\\/avatar\\\/9aea62ba34c1960aefb7beaf9accc624663e80b2287fac268dbc5d7108a08185?s=96&d=mm&r=g\",\"caption\":\"srmunera\"},\"sameAs\":[\"https:\\\/\\\/www.carimatech.com\"],\"url\":\"https:\\\/\\\/www.carimatech.com\\\/fr\\\/author\\\/srmunera\\\/\"}]}<\/script>\n<!-- \/ Yoast SEO plugin. -->","yoast_head_json":{"title":"Vers la fin des transferts manuels : l\u2019impact des l\u00e8ve-personnes sur rails en EHPAD - Carima","description":"Les l\u00e8ve-personnes sur rail garantissent des transferts doux et s\u00fbrs. Gr\u00e2ce \u00e0 leur stabilit\u00e9, les r\u00e9sidents se sentent plus confiants et plus d\u00e9tendus lors des d\u00e9placements.","robots":{"index":"index","follow":"follow","max-snippet":"max-snippet:-1","max-image-preview":"max-image-preview:large","max-video-preview":"max-video-preview:-1"},"canonical":"https:\/\/www.carimatech.com\/fr\/2025\/03\/11\/vers-la-fin-des-transferts-manuels-limpact-des-leve-personnes-sur-rails-en-ehpad\/","og_locale":"fr_FR","og_type":"article","og_title":"Vers la fin des transferts manuels : l\u2019impact des l\u00e8ve-personnes sur rails en EHPAD - Carima","og_description":"Les l\u00e8ve-personnes sur rail garantissent des transferts doux et s\u00fbrs. Gr\u00e2ce \u00e0 leur stabilit\u00e9, les r\u00e9sidents se sentent plus confiants et plus d\u00e9tendus lors des d\u00e9placements.","og_url":"https:\/\/www.carimatech.com\/fr\/2025\/03\/11\/vers-la-fin-des-transferts-manuels-limpact-des-leve-personnes-sur-rails-en-ehpad\/","og_site_name":"Carima","article_published_time":"2025-03-11T11:36:14+00:00","og_image":[{"width":2397,"height":1630,"url":"https:\/\/www.carimatech.com\/app\/uploads\/2024\/11\/articulo4.jpg","type":"image\/jpeg"}],"author":"srmunera","twitter_card":"summary_large_image","twitter_misc":{"\u00c9crit par":"srmunera","Dur\u00e9e de lecture estim\u00e9e":"4 minutes"},"schema":{"@context":"https:\/\/schema.org","@graph":[{"@type":"Article","@id":"https:\/\/www.carimatech.com\/fr\/2025\/03\/11\/vers-la-fin-des-transferts-manuels-limpact-des-leve-personnes-sur-rails-en-ehpad\/#article","isPartOf":{"@id":"https:\/\/www.carimatech.com\/fr\/2025\/03\/11\/vers-la-fin-des-transferts-manuels-limpact-des-leve-personnes-sur-rails-en-ehpad\/"},"author":{"name":"srmunera","@id":"https:\/\/www.carimatech.com\/fr\/#\/schema\/person\/ee901be42be4354f7db2d58f0a14dbbf"},"headline":"Vers la fin des transferts manuels : l\u2019impact des l\u00e8ve-personnes sur rails en EHPAD","datePublished":"2025-03-11T11:36:14+00:00","mainEntityOfPage":{"@id":"https:\/\/www.carimatech.com\/fr\/2025\/03\/11\/vers-la-fin-des-transferts-manuels-limpact-des-leve-personnes-sur-rails-en-ehpad\/"},"wordCount":773,"image":{"@id":"https:\/\/www.carimatech.com\/fr\/2025\/03\/11\/vers-la-fin-des-transferts-manuels-limpact-des-leve-personnes-sur-rails-en-ehpad\/#primaryimage"},"thumbnailUrl":"https:\/\/www.carimatech.com\/app\/uploads\/2024\/11\/articulo4.jpg","articleSection":["foyers r\u00e9sidentiels et centres de jour"],"inLanguage":"fr-FR"},{"@type":"WebPage","@id":"https:\/\/www.carimatech.com\/fr\/2025\/03\/11\/vers-la-fin-des-transferts-manuels-limpact-des-leve-personnes-sur-rails-en-ehpad\/","url":"https:\/\/www.carimatech.com\/fr\/2025\/03\/11\/vers-la-fin-des-transferts-manuels-limpact-des-leve-personnes-sur-rails-en-ehpad\/","name":"Vers la fin des transferts manuels : l\u2019impact des l\u00e8ve-personnes sur rails en EHPAD - Carima","isPartOf":{"@id":"https:\/\/www.carimatech.com\/fr\/#website"},"primaryImageOfPage":{"@id":"https:\/\/www.carimatech.com\/fr\/2025\/03\/11\/vers-la-fin-des-transferts-manuels-limpact-des-leve-personnes-sur-rails-en-ehpad\/#primaryimage"},"image":{"@id":"https:\/\/www.carimatech.com\/fr\/2025\/03\/11\/vers-la-fin-des-transferts-manuels-limpact-des-leve-personnes-sur-rails-en-ehpad\/#primaryimage"},"thumbnailUrl":"https:\/\/www.carimatech.com\/app\/uploads\/2024\/11\/articulo4.jpg","datePublished":"2025-03-11T11:36:14+00:00","author":{"@id":"https:\/\/www.carimatech.com\/fr\/#\/schema\/person\/ee901be42be4354f7db2d58f0a14dbbf"},"description":"Les l\u00e8ve-personnes sur rail garantissent des transferts doux et s\u00fbrs. Gr\u00e2ce \u00e0 leur stabilit\u00e9, les r\u00e9sidents se sentent plus confiants et plus d\u00e9tendus lors des d\u00e9placements.","breadcrumb":{"@id":"https:\/\/www.carimatech.com\/fr\/2025\/03\/11\/vers-la-fin-des-transferts-manuels-limpact-des-leve-personnes-sur-rails-en-ehpad\/#breadcrumb"},"inLanguage":"fr-FR","potentialAction":[{"@type":"ReadAction","target":["https:\/\/www.carimatech.com\/fr\/2025\/03\/11\/vers-la-fin-des-transferts-manuels-limpact-des-leve-personnes-sur-rails-en-ehpad\/"]}]},{"@type":"ImageObject","inLanguage":"fr-FR","@id":"https:\/\/www.carimatech.com\/fr\/2025\/03\/11\/vers-la-fin-des-transferts-manuels-limpact-des-leve-personnes-sur-rails-en-ehpad\/#primaryimage","url":"https:\/\/www.carimatech.com\/app\/uploads\/2024\/11\/articulo4.jpg","contentUrl":"https:\/\/www.carimatech.com\/app\/uploads\/2024\/11\/articulo4.jpg","width":2397,"height":1630},{"@type":"BreadcrumbList","@id":"https:\/\/www.carimatech.com\/fr\/2025\/03\/11\/vers-la-fin-des-transferts-manuels-limpact-des-leve-personnes-sur-rails-en-ehpad\/#breadcrumb","itemListElement":[{"@type":"ListItem","position":1,"name":"Portada","item":"https:\/\/www.carimatech.com\/fr\/home\/"},{"@type":"ListItem","position":2,"name":"Vers la fin des transferts manuels : l\u2019impact des l\u00e8ve-personnes sur rails en EHPAD"}]},{"@type":"WebSite","@id":"https:\/\/www.carimatech.com\/fr\/#website","url":"https:\/\/www.carimatech.com\/fr\/","name":"Carima","description":"","potentialAction":[{"@type":"SearchAction","target":{"@type":"EntryPoint","urlTemplate":"https:\/\/www.carimatech.com\/fr\/?s={search_term_string}"},"query-input":{"@type":"PropertyValueSpecification","valueRequired":true,"valueName":"search_term_string"}}],"inLanguage":"fr-FR"},{"@type":"Person","@id":"https:\/\/www.carimatech.com\/fr\/#\/schema\/person\/ee901be42be4354f7db2d58f0a14dbbf","name":"srmunera","image":{"@type":"ImageObject","inLanguage":"fr-FR","@id":"https:\/\/secure.gravatar.com\/avatar\/9aea62ba34c1960aefb7beaf9accc624663e80b2287fac268dbc5d7108a08185?s=96&d=mm&r=g","url":"https:\/\/secure.gravatar.com\/avatar\/9aea62ba34c1960aefb7beaf9accc624663e80b2287fac268dbc5d7108a08185?s=96&d=mm&r=g","contentUrl":"https:\/\/secure.gravatar.com\/avatar\/9aea62ba34c1960aefb7beaf9accc624663e80b2287fac268dbc5d7108a08185?s=96&d=mm&r=g","caption":"srmunera"},"sameAs":["https:\/\/www.carimatech.com"],"url":"https:\/\/www.carimatech.com\/fr\/author\/srmunera\/"}]}},"_links":{"self":[{"href":"https:\/\/www.carimatech.com\/fr\/wp-json\/wp\/v2\/posts\/4320","targetHints":{"allow":["GET"]}}],"collection":[{"href":"https:\/\/www.carimatech.com\/fr\/wp-json\/wp\/v2\/posts"}],"about":[{"href":"https:\/\/www.carimatech.com\/fr\/wp-json\/wp\/v2\/types\/post"}],"author":[{"embeddable":true,"href":"https:\/\/www.carimatech.com\/fr\/wp-json\/wp\/v2\/users\/1"}],"replies":[{"embeddable":true,"href":"https:\/\/www.carimatech.com\/fr\/wp-json\/wp\/v2\/comments?post=4320"}],"version-history":[{"count":0,"href":"https:\/\/www.carimatech.com\/fr\/wp-json\/wp\/v2\/posts\/4320\/revisions"}],"wp:featuredmedia":[{"embeddable":true,"href":"https:\/\/www.carimatech.com\/fr\/wp-json\/wp\/v2\/media\/3925"}],"wp:attachment":[{"href":"https:\/\/www.carimatech.com\/fr\/wp-json\/wp\/v2\/media?parent=4320"}],"wp:term":[{"taxonomy":"category","embeddable":true,"href":"https:\/\/www.carimatech.com\/fr\/wp-json\/wp\/v2\/categories?post=4320"},{"taxonomy":"post_tag","embeddable":true,"href":"https:\/\/www.carimatech.com\/fr\/wp-json\/wp\/v2\/tags?post=4320"}],"curies":[{"name":"wp","href":"https:\/\/api.w.org\/{rel}","templated":true}]}}